{"id":8789,"date":"2018-07-12T00:00:00","date_gmt":"2018-07-11T22:00:00","guid":{"rendered":"http:\/\/odess.e-declic.net\/the-observatory-in-the-media\/"},"modified":"2022-06-10T16:55:43","modified_gmt":"2022-06-10T14:55:43","slug":"the-observatory-in-the-media","status":"publish","type":"post","link":"https:\/\/www.odess.io\/en\/the-observatory-in-the-media\/","title":{"rendered":"The Observatory in the media &#8230;"},"content":{"rendered":"<p>Read the publications about the Conference of the Observatory:<\/p>\n<p>TV5 Monde: Journal Afrique du 1er juillet 2018[nbsp]<br \/>\nRFI, Priorit\u00e9 sant\u00e9: Le d\u00e9veloppement des nouvelles technologies pour am\u00e9liorer l\u2019acc\u00e8s aux soins \u00e0 l&#8217;occasion de la conf\u00e9rence de l\u2019Observatoire de la esant\u00e9<br \/>\nJeune Afrique:[nbsp]Mali : une formation en e-sant\u00e9 financ\u00e9e par la fondation Pierre Fabre<br \/>\nT\u00e9l\u00e9vision Nationale du Laos : Conf\u00e9rence annuelle 2018 de de la E-Sant\u00e9 dans les pays du Sud<\/p>\n<p>[nbsp]<br \/>\nAll the articles here.<\/p>\n","protected":false},"excerpt":{"rendered":"<p>Read the publications about the Conference of the Observatory: TV5 Monde: Journal Afrique du 1er juillet 2018[nbsp] RFI, Priorit\u00e9 sant\u00e9: Le d\u00e9veloppement des nouvelles technologies pour am\u00e9liorer l\u2019acc\u00e8s aux soins \u00e0 l&#8217;occasion de la conf\u00e9rence de l\u2019Observatoire de la esant\u00e9 Jeune Afrique:[nbsp]Mali : une formation en e-sant\u00e9 financ\u00e9e par la fondation Pierre Fabre T\u00e9l\u00e9vision Nationale [&hellip;]<\/p>\n","protected":false},"author":9,"featured_media":18234,"comment_status":"closed","ping_status":"open","sticky":false,"template":"","format":"standard","meta":{"_acf_changed":false,"footnotes":""},"categories":[9],"tags":[],"class_list":["post-8789","post","type-post","status-publish","format-standard","has-post-thumbnail","hentry","category-news"],"acf":[],"yoast_head":"<!-- This site is optimized with the Yoast SEO plugin v26.6 - https:\/\/yoast.com\/wordpress\/plugins\/seo\/ -->\n<title>The Observatory in the media ... - Odess<\/title>\n<meta name=\"robots\" content=\"index, follow, max-snippet:-1, max-image-preview:large, max-video-preview:-1\" \/>\n<link rel=\"canonical\" href=\"https:\/\/www.odess.io\/en\/the-observatory-in-the-media\/\" \/>\n<meta property=\"og:locale\" content=\"en_US\" \/>\n<meta property=\"og:type\" content=\"article\" \/>\n<meta property=\"og:title\" content=\"The Observatory in the media ... - Odess\" \/>\n<meta property=\"og:description\" content=\"Read the publications about the Conference of the Observatory: TV5 Monde: Journal Afrique du 1er juillet 2018[nbsp] RFI, Priorit\u00e9 sant\u00e9: Le d\u00e9veloppement des nouvelles technologies pour am\u00e9liorer l\u2019acc\u00e8s aux soins \u00e0 l&#8217;occasion de la conf\u00e9rence de l\u2019Observatoire de la esant\u00e9 Jeune Afrique:[nbsp]Mali : une formation en e-sant\u00e9 financ\u00e9e par la fondation Pierre Fabre T\u00e9l\u00e9vision Nationale [&hellip;]\" \/>\n<meta property=\"og:url\" content=\"https:\/\/www.odess.io\/en\/the-observatory-in-the-media\/\" \/>\n<meta property=\"og:site_name\" content=\"Odess\" \/>\n<meta property=\"article:published_time\" content=\"2018-07-11T22:00:00+00:00\" \/>\n<meta property=\"article:modified_time\" content=\"2022-06-10T14:55:43+00:00\" \/>\n<meta property=\"og:image\" content=\"https:\/\/www.odess.io\/wp-content\/uploads\/conference-de-l-observatoire-de-la-e-sante-de-la-fondation-pierre-fabre-20182-1.jpg\" \/>\n\t<meta property=\"og:image:width\" content=\"2500\" \/>\n\t<meta property=\"og:image:height\" content=\"1667\" \/>\n\t<meta property=\"og:image:type\" content=\"image\/jpeg\" \/>\n<meta name=\"author\" content=\"webmaster-odess\" \/>\n<meta name=\"twitter:card\" content=\"summary_large_image\" \/>\n<meta name=\"twitter:label1\" content=\"Written by\" \/>\n\t<meta name=\"twitter:data1\" content=\"webmaster-odess\" \/>\n<script type=\"application\/ld+json\" class=\"yoast-schema-graph\">{\"@context\":\"https:\/\/schema.org\",\"@graph\":[{\"@type\":\"WebPage\",\"@id\":\"https:\/\/www.odess.io\/en\/the-observatory-in-the-media\/\",\"url\":\"https:\/\/www.odess.io\/en\/the-observatory-in-the-media\/\",\"name\":\"The Observatory in the media ... - Odess\",\"isPartOf\":{\"@id\":\"https:\/\/www.odess.io\/en\/#website\"},\"primaryImageOfPage\":{\"@id\":\"https:\/\/www.odess.io\/en\/the-observatory-in-the-media\/#primaryimage\"},\"image\":{\"@id\":\"https:\/\/www.odess.io\/en\/the-observatory-in-the-media\/#primaryimage\"},\"thumbnailUrl\":\"https:\/\/www.odess.io\/wp-content\/uploads\/conference-de-l-observatoire-de-la-e-sante-de-la-fondation-pierre-fabre-20182-1.jpg\",\"datePublished\":\"2018-07-11T22:00:00+00:00\",\"dateModified\":\"2022-06-10T14:55:43+00:00\",\"author\":{\"@id\":\"https:\/\/www.odess.io\/en\/#\/schema\/person\/bff37d5ad33768d0c5d41d891e7b3476\"},\"breadcrumb\":{\"@id\":\"https:\/\/www.odess.io\/en\/the-observatory-in-the-media\/#breadcrumb\"},\"inLanguage\":\"en-US\",\"potentialAction\":[{\"@type\":\"ReadAction\",\"target\":[\"https:\/\/www.odess.io\/en\/the-observatory-in-the-media\/\"]}]},{\"@type\":\"ImageObject\",\"inLanguage\":\"en-US\",\"@id\":\"https:\/\/www.odess.io\/en\/the-observatory-in-the-media\/#primaryimage\",\"url\":\"https:\/\/www.odess.io\/wp-content\/uploads\/conference-de-l-observatoire-de-la-e-sante-de-la-fondation-pierre-fabre-20182-1.jpg\",\"contentUrl\":\"https:\/\/www.odess.io\/wp-content\/uploads\/conference-de-l-observatoire-de-la-e-sante-de-la-fondation-pierre-fabre-20182-1.jpg\",\"width\":2500,\"height\":1667},{\"@type\":\"BreadcrumbList\",\"@id\":\"https:\/\/www.odess.io\/en\/the-observatory-in-the-media\/#breadcrumb\",\"itemListElement\":[{\"@type\":\"ListItem\",\"position\":1,\"name\":\"Home\",\"item\":\"https:\/\/www.odess.io\/en\/\"},{\"@type\":\"ListItem\",\"position\":2,\"name\":\"News\",\"item\":\"https:\/\/www.odess.io\/en\/category\/news\/\"},{\"@type\":\"ListItem\",\"position\":3,\"name\":\"The Observatory in the media &#8230;\"}]},{\"@type\":\"WebSite\",\"@id\":\"https:\/\/www.odess.io\/en\/#website\",\"url\":\"https:\/\/www.odess.io\/en\/\",\"name\":\"Odess\",\"description\":\"L&#039;Observatoire de la e-sant\u00e9 dans les pays du Sud\",\"potentialAction\":[{\"@type\":\"SearchAction\",\"target\":{\"@type\":\"EntryPoint\",\"urlTemplate\":\"https:\/\/www.odess.io\/en\/?s={search_term_string}\"},\"query-input\":{\"@type\":\"PropertyValueSpecification\",\"valueRequired\":true,\"valueName\":\"search_term_string\"}}],\"inLanguage\":\"en-US\"},{\"@type\":\"Person\",\"@id\":\"https:\/\/www.odess.io\/en\/#\/schema\/person\/bff37d5ad33768d0c5d41d891e7b3476\",\"name\":\"webmaster-odess\",\"image\":{\"@type\":\"ImageObject\",\"inLanguage\":\"en-US\",\"@id\":\"https:\/\/www.odess.io\/en\/#\/schema\/person\/image\/\",\"url\":\"https:\/\/secure.gravatar.com\/avatar\/ce00a35141c413a8c604cc22bf976a5aa3155b87cc81bfa87c23bad45ef11cba?s=96&d=mm&r=g\",\"contentUrl\":\"https:\/\/secure.gravatar.com\/avatar\/ce00a35141c413a8c604cc22bf976a5aa3155b87cc81bfa87c23bad45ef11cba?s=96&d=mm&r=g\",\"caption\":\"webmaster-odess\"}}]}<\/script>\n<!-- \/ Yoast SEO plugin. -->","yoast_head_json":{"title":"The Observatory in the media ... - Odess","robots":{"index":"index","follow":"follow","max-snippet":"max-snippet:-1","max-image-preview":"max-image-preview:large","max-video-preview":"max-video-preview:-1"},"canonical":"https:\/\/www.odess.io\/en\/the-observatory-in-the-media\/","og_locale":"en_US","og_type":"article","og_title":"The Observatory in the media ... - Odess","og_description":"Read the publications about the Conference of the Observatory: TV5 Monde: Journal Afrique du 1er juillet 2018[nbsp] RFI, Priorit\u00e9 sant\u00e9: Le d\u00e9veloppement des nouvelles technologies pour am\u00e9liorer l\u2019acc\u00e8s aux soins \u00e0 l&#8217;occasion de la conf\u00e9rence de l\u2019Observatoire de la esant\u00e9 Jeune Afrique:[nbsp]Mali : une formation en e-sant\u00e9 financ\u00e9e par la fondation Pierre Fabre T\u00e9l\u00e9vision Nationale [&hellip;]","og_url":"https:\/\/www.odess.io\/en\/the-observatory-in-the-media\/","og_site_name":"Odess","article_published_time":"2018-07-11T22:00:00+00:00","article_modified_time":"2022-06-10T14:55:43+00:00","og_image":[{"width":2500,"height":1667,"url":"https:\/\/www.odess.io\/wp-content\/uploads\/conference-de-l-observatoire-de-la-e-sante-de-la-fondation-pierre-fabre-20182-1.jpg","type":"image\/jpeg"}],"author":"webmaster-odess","twitter_card":"summary_large_image","twitter_misc":{"Written by":"webmaster-odess"},"schema":{"@context":"https:\/\/schema.org","@graph":[{"@type":"WebPage","@id":"https:\/\/www.odess.io\/en\/the-observatory-in-the-media\/","url":"https:\/\/www.odess.io\/en\/the-observatory-in-the-media\/","name":"The Observatory in the media ... - Odess","isPartOf":{"@id":"https:\/\/www.odess.io\/en\/#website"},"primaryImageOfPage":{"@id":"https:\/\/www.odess.io\/en\/the-observatory-in-the-media\/#primaryimage"},"image":{"@id":"https:\/\/www.odess.io\/en\/the-observatory-in-the-media\/#primaryimage"},"thumbnailUrl":"https:\/\/www.odess.io\/wp-content\/uploads\/conference-de-l-observatoire-de-la-e-sante-de-la-fondation-pierre-fabre-20182-1.jpg","datePublished":"2018-07-11T22:00:00+00:00","dateModified":"2022-06-10T14:55:43+00:00","author":{"@id":"https:\/\/www.odess.io\/en\/#\/schema\/person\/bff37d5ad33768d0c5d41d891e7b3476"},"breadcrumb":{"@id":"https:\/\/www.odess.io\/en\/the-observatory-in-the-media\/#breadcrumb"},"inLanguage":"en-US","potentialAction":[{"@type":"ReadAction","target":["https:\/\/www.odess.io\/en\/the-observatory-in-the-media\/"]}]},{"@type":"ImageObject","inLanguage":"en-US","@id":"https:\/\/www.odess.io\/en\/the-observatory-in-the-media\/#primaryimage","url":"https:\/\/www.odess.io\/wp-content\/uploads\/conference-de-l-observatoire-de-la-e-sante-de-la-fondation-pierre-fabre-20182-1.jpg","contentUrl":"https:\/\/www.odess.io\/wp-content\/uploads\/conference-de-l-observatoire-de-la-e-sante-de-la-fondation-pierre-fabre-20182-1.jpg","width":2500,"height":1667},{"@type":"BreadcrumbList","@id":"https:\/\/www.odess.io\/en\/the-observatory-in-the-media\/#breadcrumb","itemListElement":[{"@type":"ListItem","position":1,"name":"Home","item":"https:\/\/www.odess.io\/en\/"},{"@type":"ListItem","position":2,"name":"News","item":"https:\/\/www.odess.io\/en\/category\/news\/"},{"@type":"ListItem","position":3,"name":"The Observatory in the media &#8230;"}]},{"@type":"WebSite","@id":"https:\/\/www.odess.io\/en\/#website","url":"https:\/\/www.odess.io\/en\/","name":"Odess","description":"L&#039;Observatoire de la e-sant\u00e9 dans les pays du Sud","potentialAction":[{"@type":"SearchAction","target":{"@type":"EntryPoint","urlTemplate":"https:\/\/www.odess.io\/en\/?s={search_term_string}"},"query-input":{"@type":"PropertyValueSpecification","valueRequired":true,"valueName":"search_term_string"}}],"inLanguage":"en-US"},{"@type":"Person","@id":"https:\/\/www.odess.io\/en\/#\/schema\/person\/bff37d5ad33768d0c5d41d891e7b3476","name":"webmaster-odess","image":{"@type":"ImageObject","inLanguage":"en-US","@id":"https:\/\/www.odess.io\/en\/#\/schema\/person\/image\/","url":"https:\/\/secure.gravatar.com\/avatar\/ce00a35141c413a8c604cc22bf976a5aa3155b87cc81bfa87c23bad45ef11cba?s=96&d=mm&r=g","contentUrl":"https:\/\/secure.gravatar.com\/avatar\/ce00a35141c413a8c604cc22bf976a5aa3155b87cc81bfa87c23bad45ef11cba?s=96&d=mm&r=g","caption":"webmaster-odess"}}]}},"_links":{"self":[{"href":"https:\/\/www.odess.io\/en\/wp-json\/wp\/v2\/posts\/8789","targetHints":{"allow":["GET"]}}],"collection":[{"href":"https:\/\/www.odess.io\/en\/wp-json\/wp\/v2\/posts"}],"about":[{"href":"https:\/\/www.odess.io\/en\/wp-json\/wp\/v2\/types\/post"}],"author":[{"embeddable":true,"href":"https:\/\/www.odess.io\/en\/wp-json\/wp\/v2\/users\/9"}],"replies":[{"embeddable":true,"href":"https:\/\/www.odess.io\/en\/wp-json\/wp\/v2\/comments?post=8789"}],"version-history":[{"count":1,"href":"https:\/\/www.odess.io\/en\/wp-json\/wp\/v2\/posts\/8789\/revisions"}],"predecessor-version":[{"id":18233,"href":"https:\/\/www.odess.io\/en\/wp-json\/wp\/v2\/posts\/8789\/revisions\/18233"}],"wp:featuredmedia":[{"embeddable":true,"href":"https:\/\/www.odess.io\/en\/wp-json\/wp\/v2\/media\/18234"}],"wp:attachment":[{"href":"https:\/\/www.odess.io\/en\/wp-json\/wp\/v2\/media?parent=8789"}],"wp:term":[{"taxonomy":"category","embeddable":true,"href":"https:\/\/www.odess.io\/en\/wp-json\/wp\/v2\/categories?post=8789"},{"taxonomy":"post_tag","embeddable":true,"href":"https:\/\/www.odess.io\/en\/wp-json\/wp\/v2\/tags?post=8789"}],"curies":[{"name":"wp","href":"https:\/\/api.w.org\/{rel}","templated":true}]}}